{"id":727,"date":"2019-01-24T16:48:27","date_gmt":"2019-01-24T16:48:27","guid":{"rendered":"http:\/\/dagoberto.org\/minuto\/?p=727"},"modified":"2019-01-24T16:48:27","modified_gmt":"2019-01-24T16:48:27","slug":"inferno-e-paraiso","status":"publish","type":"post","link":"https:\/\/dagoberto.org\/minuto\/inferno-e-paraiso\/","title":{"rendered":"INFERNO E PARA\u00cdSO"},"content":{"rendered":"<p>O para\u00edso est\u00e1 sempre onde voc\u00ea est\u00e1&#8230; o inferno tamb\u00e9m. Essas duas for\u00e7as antag\u00f4nicas nada mais s\u00e3o do que os dois extremos da mesma energi<span class=\"text_exposed_show\">a; s\u00e3o apenas estados de alma. S\u00e3o as polaridades da energia mental, atributo dos esp\u00edritos, encarnados ou n\u00e3o.<\/span><\/p>\n<p><span class=\"text_exposed_show\">Essa energia recebe os impulsos da mente do ser humano e \u00e9 por ela dinamizada, movimentada e direcionada formando no espa\u00e7o infinito uma trama intrincada de fluidos mentais a se entrecruzarem e se influenciarem reciprocamente, colocando todos os seres, encarnados e desencarnados, em situa\u00e7\u00f5es complexas e confusas, pela rela\u00e7\u00e3o de cada um com essas energias, ou essas polaridades energ\u00e9ticas.\u00a0<\/span><\/p>\n<p><span class=\"text_exposed_show\">Na medida em que o ser se envolve com essas ondas mentais, poder\u00e1 ser por elas imantado, recebendo as influ\u00eancias das mesmas na medida das suas pr\u00f3prias cria\u00e7\u00f5es mentais.\u00a0<\/span><\/p>\n<p><span class=\"text_exposed_show\">Pela lei da atra\u00e7\u00e3o, seus pensamentos se ajustar\u00e3o e se aglutinar\u00e3o \u00e0quelas ondas mentais que lhe sejam id\u00eanticas e harm\u00f4nicas, formando assim o para\u00edso e o inferno individual de cada um de n\u00f3s.<\/span><\/p>\n<p><span class=\"text_exposed_show\">Conclu\u00edmos assim que a cria\u00e7\u00e3o do para\u00edso e do inferno \u00e9 atributo dos esp\u00edritos, encarnados ou n\u00e3o, os quais, no transcurso de sua exist\u00eancia de alma imortal, v\u00eam, desde a sua primeira encarna\u00e7\u00e3o, criando as consequ\u00eancias dos seus pr\u00f3prios atos, das quais dever\u00e1 prestar contas num futuro pr\u00f3ximo ou remoto.<\/span><\/p>\n<div class=\"text_exposed_show\">\n<p><strong>Pense nisso&#8230;<\/strong><br \/>\n(do meu livro &#8220;Conex\u00e3o C\u00f3smica&#8221;) &#8211; Valentim Antonio Rodrigues &#8211; Professor &#8211; Escritor &#8211; Poeta &#8211; Pensador.<\/p>\n<\/div>\n","protected":false},"excerpt":{"rendered":"<p>O para\u00edso est\u00e1 sempre onde voc\u00ea est\u00e1&#8230; o inferno tamb\u00e9m. Essas duas for\u00e7as antag\u00f4nicas nada mais s\u00e3o do que os dois extremos da mesma energia; s\u00e3o<span class=\"excerpt-hellip\"> [\u2026]<\/span><\/p>\n","protected":false},"author":1,"featured_media":0,"comment_status":"closed","ping_status":"closed","sticky":false,"template":"","format":"standard","meta":{"_exactmetrics_skip_tracking":false,"_exactmetrics_sitenote_active":false,"_exactmetrics_sitenote_note":"","_exactmetrics_sitenote_category":0,"footnotes":""},"categories":[5],"tags":[],"class_list":["post-727","post","type-post","status-publish","format-standard","hentry","category-reflexao"],"_links":{"self":[{"href":"https:\/\/dagoberto.org\/minuto\/wp-json\/wp\/v2\/posts\/727"}],"collection":[{"href":"https:\/\/dagoberto.org\/minuto\/wp-json\/wp\/v2\/posts"}],"about":[{"href":"https:\/\/dagoberto.org\/minuto\/wp-json\/wp\/v2\/types\/post"}],"author":[{"embeddable":true,"href":"https:\/\/dagoberto.org\/minuto\/wp-json\/wp\/v2\/users\/1"}],"replies":[{"embeddable":true,"href":"https:\/\/dagoberto.org\/minuto\/wp-json\/wp\/v2\/comments?post=727"}],"version-history":[{"count":1,"href":"https:\/\/dagoberto.org\/minuto\/wp-json\/wp\/v2\/posts\/727\/revisions"}],"predecessor-version":[{"id":728,"href":"https:\/\/dagoberto.org\/minuto\/wp-json\/wp\/v2\/posts\/727\/revisions\/728"}],"wp:attachment":[{"href":"https:\/\/dagoberto.org\/minuto\/wp-json\/wp\/v2\/media?parent=727"}],"wp:term":[{"taxonomy":"category","embeddable":true,"href":"https:\/\/dagoberto.org\/minuto\/wp-json\/wp\/v2\/categories?post=727"},{"taxonomy":"post_tag","embeddable":true,"href":"https:\/\/dagoberto.org\/minuto\/wp-json\/wp\/v2\/tags?post=727"}],"curies":[{"name":"wp","href":"https:\/\/api.w.org\/{rel}","templated":true}]}}