{"id":725,"date":"2019-01-24T16:23:51","date_gmt":"2019-01-24T16:23:51","guid":{"rendered":"http:\/\/dagoberto.org\/minuto\/?p=725"},"modified":"2019-01-24T16:23:51","modified_gmt":"2019-01-24T16:23:51","slug":"a-harmonia-e-a-igualdade","status":"publish","type":"post","link":"https:\/\/dagoberto.org\/minuto\/a-harmonia-e-a-igualdade\/","title":{"rendered":"A HARMONIA E A IGUALDADE"},"content":{"rendered":"<p>(Valentim Ant\u00f4nio Rodrigues)<\/p>\n<p>A harmonia do universo, mais notadamente do nosso planeta, n\u00e3o pode ficar a merc\u00ea das posturas enganosas da maioria dos homens. N\u00e3o \u00e9 algo que possa ser criado atrav\u00e9s de decretos legislativos e obrigado \u00e0 aceita\u00e7\u00e3o ou for\u00e7ado pelos executivos e judici\u00e1rios das leis humanas.<\/p>\n<p>Quando esse objetivo for alcan\u00e7ado pelos nossos irm\u00e3os do planeta, n\u00e3o ter\u00e1 sido por imposi\u00e7\u00e3o das leis humanas nem de forma obrigat\u00f3ria, pois certamente o cumprimento de tais leis estaria sendo executado contra a vontade daqueles que ainda n\u00e3o desenvolveram os predicados necess\u00e1rios; e isso ainda acontece com a grande maioria dos homens no atual est\u00e1gio evolutivo em que se encontra a sociedade terrestre.<\/p>\n<p>A harmonia e a igualdade, como n\u00f3s entendemos, n\u00e3o podem ser impostas; pelo contr\u00e1rio, dever\u00e1 ser uma conquista da sociedade humana atrav\u00e9s do lento processo evolutivo e do crescimento psicol\u00f3gico e espiritual.<\/p>\n<p>Do contrario, ser\u00e1 sempre um r\u00f3tulo a mais, colado na personalidade dos homens, que n\u00e3o deixar\u00e1 de ser algo superficial que poder\u00e1 ser descolado, exclu\u00eddo da vida humana, pelo simples fato de ainda n\u00e3o fazer parte intr\u00ednseca da ess\u00eancia do homem ou de estar incorporado e estabelecido definitivamente em sua personalidade.<\/p>\n<p>A harmonia entre os povos, as na\u00e7\u00f5es e os indiv\u00edduos n\u00e3o \u00e9 algo que possa ser for\u00e7ado por leis humanas, mas por atitudes decorrentes de extenso processo evolutivo, que visem os princ\u00edpios b\u00e1sicos de espiritualidade, fraternidade e igualdade.<\/p>\n<p>\u00c9 certo que algumas leis s\u00e3o necess\u00e1rias para se evitar o caos geral, mas querer que estas substituam a educa\u00e7\u00e3o espiritual, que levaria a sociedade a um grau desej\u00e1vel de harmoniza\u00e7\u00e3o, \u00e9 resvalar para os extremos indesej\u00e1veis, pois a tend\u00eancia por parte do ser humano, como ocorre com os irracionais, \u00e9 acostumar-se com determinadas imposi\u00e7\u00f5es, \u00e9 abrir m\u00e3o da sua individualidade, da sua liberdade de express\u00e3o e, da\u00ed em diante, s\u00f3 responder aos a\u00e7oites dessas mesmas leis, ao treinamento e \u00e0 lavagem cerebral a que foi submetido, e dificilmente conseguir\u00e1 se espiritualizar e se harmonizar por iniciativa pr\u00f3pria e por livre e espont\u00e2nea vontade.<\/p>\n<p>Portanto, qualquer lei, qualquer sistema de governo que vise \u00e0 harmonia e \u00e0 igualdade atrav\u00e9s de decretos humanos, n\u00e3o deixar\u00e1 de estar sempre remendando os velhos remendos de um passado de inc\u00farias e desatinos; estar\u00e1 fadado ao fracasso, como sempre ocorreu.<\/p>\n<p>O caminho para a reden\u00e7\u00e3o da sociedade humana passa, irremediavelmente, pela espiritualiza\u00e7\u00e3o, mas n\u00e3o uma espiritualiza\u00e7\u00e3o de r\u00f3tulos, de imposi\u00e7\u00f5es, de dogmas, como ocorre frequentemente na maioria das vezes, mas uma espiritualiza\u00e7\u00e3o verdadeira, raciocinada, almejada e praticada, pois, quando ela estiver estabelecida, o comportamento do homem estar\u00e1 em conson\u00e2ncia com a consci\u00eancia c\u00f3smica.<\/p>\n<p>A\u00ed, ent\u00e3o, os resultados das a\u00e7\u00f5es humanas ser\u00e3o espont\u00e2neos em dire\u00e7\u00e3o \u00e0 harmonia verdadeira. Isso, fatalmente, dever\u00e1 acontecer, mesmo que, de momento, pare\u00e7a ser uma utopia.<\/p>\n<p>Pensem nisso&#8230;<\/p>\n<p>Valentim Ant\u00f4nio Rodrigues<\/p>\n","protected":false},"excerpt":{"rendered":"<p>(Valentim Ant\u00f4nio Rodrigues) A harmonia do universo, mais notadamente do nosso planeta, n\u00e3o pode ficar a merc\u00ea das posturas enganosas da maioria dos homens. N\u00e3o \u00e9<span class=\"excerpt-hellip\"> [\u2026]<\/span><\/p>\n","protected":false},"author":1,"featured_media":0,"comment_status":"closed","ping_status":"closed","sticky":false,"template":"","format":"standard","meta":{"_exactmetrics_skip_tracking":false,"_exactmetrics_sitenote_active":false,"_exactmetrics_sitenote_note":"","_exactmetrics_sitenote_category":0,"footnotes":""},"categories":[5],"tags":[],"class_list":["post-725","post","type-post","status-publish","format-standard","hentry","category-reflexao"],"_links":{"self":[{"href":"https:\/\/dagoberto.org\/minuto\/wp-json\/wp\/v2\/posts\/725"}],"collection":[{"href":"https:\/\/dagoberto.org\/minuto\/wp-json\/wp\/v2\/posts"}],"about":[{"href":"https:\/\/dagoberto.org\/minuto\/wp-json\/wp\/v2\/types\/post"}],"author":[{"embeddable":true,"href":"https:\/\/dagoberto.org\/minuto\/wp-json\/wp\/v2\/users\/1"}],"replies":[{"embeddable":true,"href":"https:\/\/dagoberto.org\/minuto\/wp-json\/wp\/v2\/comments?post=725"}],"version-history":[{"count":1,"href":"https:\/\/dagoberto.org\/minuto\/wp-json\/wp\/v2\/posts\/725\/revisions"}],"predecessor-version":[{"id":726,"href":"https:\/\/dagoberto.org\/minuto\/wp-json\/wp\/v2\/posts\/725\/revisions\/726"}],"wp:attachment":[{"href":"https:\/\/dagoberto.org\/minuto\/wp-json\/wp\/v2\/media?parent=725"}],"wp:term":[{"taxonomy":"category","embeddable":true,"href":"https:\/\/dagoberto.org\/minuto\/wp-json\/wp\/v2\/categories?post=725"},{"taxonomy":"post_tag","embeddable":true,"href":"https:\/\/dagoberto.org\/minuto\/wp-json\/wp\/v2\/tags?post=725"}],"curies":[{"name":"wp","href":"https:\/\/api.w.org\/{rel}","templated":true}]}}