{"id":576,"date":"2018-10-26T15:56:39","date_gmt":"2018-10-26T15:56:39","guid":{"rendered":"http:\/\/dagoberto.org\/minuto\/?p=576"},"modified":"2018-10-26T15:56:39","modified_gmt":"2018-10-26T15:56:39","slug":"o-pensamento-e-a-palavra-tem-poder-curador","status":"publish","type":"post","link":"https:\/\/dagoberto.org\/minuto\/o-pensamento-e-a-palavra-tem-poder-curador\/","title":{"rendered":"O pensamento e a palavra tem poder curador."},"content":{"rendered":"<p>O pensamento e a palavra tem poder curador.<br \/>\nO corpo \u00e9 o ve\u00edculo atrav\u00e9s do qual se manifestam, no plano terrestre, o esp\u00edrito e a alma,<br \/>\nda qual o corpo \u00e9 apenas o reflexo materializado.<br \/>\nPor isso, espelha aquilo que pensamos, na sa\u00fade e na enfermidade, porque recebemos de<br \/>\nacordo com os nossos pensamentos, e somos aquilo que pensamos.<br \/>\nPense sempre certo para ter sa\u00fade perfeita.<\/p>\n<p>CARLOS TORRES PASTORINO<\/p>\n","protected":false},"excerpt":{"rendered":"<p>O pensamento e a palavra tem poder curador. O corpo \u00e9 o ve\u00edculo atrav\u00e9s do qual se manifestam, no plano terrestre, o esp\u00edrito e a alma,<span class=\"excerpt-hellip\"> [\u2026]<\/span><\/p>\n","protected":false},"author":1,"featured_media":0,"comment_status":"closed","ping_status":"closed","sticky":false,"template":"","format":"standard","meta":{"_exactmetrics_skip_tracking":false,"_exactmetrics_sitenote_active":false,"_exactmetrics_sitenote_note":"","_exactmetrics_sitenote_category":0,"footnotes":""},"categories":[1],"tags":[],"class_list":["post-576","post","type-post","status-publish","format-standard","hentry","category-minutos-de-sabedoria"],"_links":{"self":[{"href":"https:\/\/dagoberto.org\/minuto\/wp-json\/wp\/v2\/posts\/576"}],"collection":[{"href":"https:\/\/dagoberto.org\/minuto\/wp-json\/wp\/v2\/posts"}],"about":[{"href":"https:\/\/dagoberto.org\/minuto\/wp-json\/wp\/v2\/types\/post"}],"author":[{"embeddable":true,"href":"https:\/\/dagoberto.org\/minuto\/wp-json\/wp\/v2\/users\/1"}],"replies":[{"embeddable":true,"href":"https:\/\/dagoberto.org\/minuto\/wp-json\/wp\/v2\/comments?post=576"}],"version-history":[{"count":1,"href":"https:\/\/dagoberto.org\/minuto\/wp-json\/wp\/v2\/posts\/576\/revisions"}],"predecessor-version":[{"id":577,"href":"https:\/\/dagoberto.org\/minuto\/wp-json\/wp\/v2\/posts\/576\/revisions\/577"}],"wp:attachment":[{"href":"https:\/\/dagoberto.org\/minuto\/wp-json\/wp\/v2\/media?parent=576"}],"wp:term":[{"taxonomy":"category","embeddable":true,"href":"https:\/\/dagoberto.org\/minuto\/wp-json\/wp\/v2\/categories?post=576"},{"taxonomy":"post_tag","embeddable":true,"href":"https:\/\/dagoberto.org\/minuto\/wp-json\/wp\/v2\/tags?post=576"}],"curies":[{"name":"wp","href":"https:\/\/api.w.org\/{rel}","templated":true}]}}